{"id":8121,"date":"2017-12-05T15:25:28","date_gmt":"2017-12-05T18:25:28","guid":{"rendered":"http:\/\/urisaoluiz.com.br\/site\/?p=8121"},"modified":"2017-12-06T12:03:43","modified_gmt":"2017-12-06T15:03:43","slug":"uri-sao-luiz-gonzaga-torna-se-campus-universitario","status":"publish","type":"post","link":"https:\/\/urisaoluiz.com.br\/site\/uri-sao-luiz-gonzaga-torna-se-campus-universitario\/","title":{"rendered":"URI \u2013 S\u00e3o Luiz Gonzaga torna-se C\u00e2mpus Universit\u00e1rio"},"content":{"rendered":"<div id=\"dslc-main\">\n\t\t<div  class=\"dslc-modules-section  dslc-init-parallax \" style=\"padding-bottom:40px;padding-top:40px;background-color:#156892;background-image:url();background-position:center center;background-attachment:parallax;background-size:cover;border-color:#ec268f;border-top-style: hidden; border-right-style: hidden; border-bottom-style: hidden; border-left-style: hidden; \" data-section-id=\"da13474be32\">\n\t\t\t\t<div class=\"dslc-bg-video dslc-force-show\"><div class=\"dslc-bg-video-overlay\" style=\"background-color:#156892; opacity:0.7; \"><\/div><\/div>\n\t\t\t\t\n\t\t\t\t<div class=\"dslc-modules-section-wrapper dslc-clearfix\"><div class=\"dslc-modules-area dslc-col dslc-12-col dslc-last-col\" data-size=\"12\" data-valign=\"\">\n\t\t<div id=\"dslc-module-38c9e95fc9c\" class=\"dslc-module-front dslc-module-DSLC_TP_Title dslc-in-viewport-check dslc-in-viewport-anim-none  dslc-col dslc-12-col dslc-last-col  dslc-module-handle-like-regular \" data-module-id=\"38c9e95fc9c\" data-module=\"DSLC_TP_Title\" data-dslc-module-size=\"12\" data-dslc-anim=\"none\" data-dslc-anim-delay=\"0\" data-dslc-anim-duration=\"650\"  data-dslc-anim-easing=\"ease\" data-dslc-preset=\"none\" >\n\n\t\t\t\n\t\t\t\n\t\t\r\n\t\t\t\t<div class=\"dslc-tp-title\"><h1>URI \u2013 S\u00e3o Luiz Gonzaga torna-se C\u00e2mpus Universit\u00e1rio<\/h1><\/div>\r\n\r\n\t\t\t\n\t\t\t\t<\/div><!-- .dslc-module -->\n\t\t\n\t\t<div id=\"dslc-module-a51fb08fc26\" class=\"dslc-module-front dslc-module-DSLC_TP_Meta dslc-in-viewport-check dslc-in-viewport-anim-none  dslc-col dslc-12-col dslc-last-col  dslc-module-handle-like-regular \" data-module-id=\"a51fb08fc26\" data-module=\"DSLC_TP_Meta\" data-dslc-module-size=\"12\" data-dslc-anim=\"none\" data-dslc-anim-delay=\"0\" data-dslc-anim-duration=\"650\"  data-dslc-anim-easing=\"ease\" data-dslc-preset=\"none\" >\n\n\t\t\t\n\t\t\t\n\t\t\r\n\t\t\t\t<div class=\"dslc-tp-meta dslc-tp-meta-horizontal\">\r\n\t\t\t\t\t<ul class=\"dslc-clearfix\">\r\n\r\n\t\t\t\t\t\t\t\t\t\t\t\t\t<li>5 de dezembro de 2017<\/li>\r\n\t\t\t\t\t\t\r\n\t\t\t\t\t\t\r\n\t\t\t\t\t\t\r\n\t\t\t\t\t\t\r\n\t\t\t\t\t\t\r\n\t\t\t\t\t<\/ul>\r\n\t\t\t\t<\/div>\r\n\r\n\t\t\t\n\t\t\t\t<\/div><!-- .dslc-module -->\n\t\t<\/div><\/div><\/div>\n\t\t<div  class=\"dslc-modules-section \" style=\"padding-bottom:20px;padding-top:20px;\" data-section-id=\"aee2fee54c8\">\n\t\t\t\t\n\t\t\t\t\n\t\t\t\t<div class=\"dslc-modules-section-wrapper dslc-clearfix\"><div class=\"dslc-modules-area dslc-col dslc-5-col dslc-first-col\" data-size=\"5\" data-valign=\"\">\n\t\t<div id=\"dslc-module-df21016b7e5\" class=\"dslc-module-front dslc-module-DSLC_TP_Thumbnail dslc-in-viewport-check dslc-in-viewport-anim-none  dslc-col dslc-12-col dslc-last-col  dslc-module-handle-like-regular \" data-module-id=\"df21016b7e5\" data-module=\"DSLC_TP_Thumbnail\" data-dslc-module-size=\"12\" data-dslc-anim=\"none\" data-dslc-anim-delay=\"0\" data-dslc-anim-duration=\"650\"  data-dslc-anim-easing=\"ease\" data-dslc-preset=\"none\" >\n\n\t\t\t\n\t\t\t\n\t\t\r\n\t\t\t<div class=\"dslc-tp-thumbnail\">\r\n\t\t\t\t\t\t\t\t\t\t\t\t\t\t\t<img width=\"3264\" height=\"2033\" src=\"https:\/\/urisaoluiz.com.br\/site\/wp-content\/uploads\/2017\/12\/5.jpg\" class=\"attachment-full size-full wp-post-image\" alt=\"\" title=\"5\" srcset=\"https:\/\/urisaoluiz.com.br\/site\/wp-content\/uploads\/2017\/12\/5.jpg 3264w, https:\/\/urisaoluiz.com.br\/site\/wp-content\/uploads\/2017\/12\/5-300x187.jpg 300w, https:\/\/urisaoluiz.com.br\/site\/wp-content\/uploads\/2017\/12\/5-768x478.jpg 768w, https:\/\/urisaoluiz.com.br\/site\/wp-content\/uploads\/2017\/12\/5-1024x638.jpg 1024w\" sizes=\"(max-width: 3264px) 100vw, 3264px\" \/>\t\t\t\t\t\t\t\t\t\t\t\t<\/div>\r\n\r\n\t\t\r\n\t\t\n\t\t\t\t<\/div><!-- .dslc-module -->\n\t\t<\/div><div class=\"dslc-modules-area dslc-col dslc-7-col dslc-last-col\" data-size=\"7\" data-valign=\"\">\n\t\t<div id=\"dslc-module-8hoh9nefs8g\" class=\"dslc-module-front dslc-module-DSLC_TP_Content dslc-in-viewport-check dslc-in-viewport-anim-none  dslc-col dslc-12-col dslc-last-col  dslc-module-handle-like-regular \" data-module-id=\"8hoh9nefs8g\" data-module=\"DSLC_TP_Content\" data-dslc-module-size=\"12\" data-dslc-anim=\"none\" data-dslc-anim-delay=\"0\" data-dslc-anim-duration=\"650\"  data-dslc-anim-easing=\"ease\" data-dslc-preset=\"none\" >\n\n\t\t\t\n\t\t\t\n\t\t<div class=\"dslc-tp-content\"><div id=\"dslc-theme-content\"><div id=\"dslc-theme-content-inner\"><p class=\"m_-3422541554261649150gmail-MsoBodyText3\"><b><i>Conforme resolu\u00e7\u00e3o aprovada no Conselho Universit\u00e1rio de setembro, a URI realizou algumas altera\u00e7\u00f5es em seu estatuto, dentre elas, a passagem de Extens\u00e3o para C\u00e2mpus da unidade de S\u00e3o Luiz Gonzaga.<\/i><\/b><\/p>\n<p class=\"m_-3422541554261649150gmail-MsoBodyText3\"><b><i>\u00a0<\/i><\/b><\/p>\n<p>No dia 29 de setembro do corrente ano, na cidade de Erechim, o Reitor da URI, Professor Luiz Mario Silveira Spinelli, Presidente do Conselho Universit\u00e1rio, submeteu \u00e0 aprecia\u00e7\u00e3o dos conselheiros, o novo estatuto da Universidade Regional Integrada, o qual foi aprovado por unanimidade.<\/p>\n<p class=\"m_-3422541554261649150gmail-MsoBodyText3\">Uma not\u00edcia importante, neste ano, que a URI \u2013 S\u00e3o Luiz Gonzaga completa 25 anos de exist\u00eancia em nossa Regi\u00e3o Missioneira, ofertando ensino de qualidade,\u00a0\u00a0a\u00e7\u00f5es e projetos desenvolvidos a partir dos grandes princ\u00edpios norteadores: 1) \u00c9tica e Corresponsabilidade; (2) Forma\u00e7\u00e3o e Desenvolvimento Humanos Competente; (3) Excel\u00eancia e Inova\u00e7\u00e3o na Educa\u00e7\u00e3o; (4) Aproxima\u00e7\u00e3o com a Comunidade; (5) Vis\u00e3o Global, A\u00e7\u00e3o Local; (6) Implementa\u00e7\u00e3o da Gest\u00e3o Acad\u00eamica e Institucional; (7) Fortalecimento da Comunidade Universit\u00e1ria e (8) Permanente Qualifica\u00e7\u00e3o da Infraestrutura.<\/p>\n<p class=\"m_-3422541554261649150gmail-MsoBodyText3\">Tais princ\u00edpios promovem o fortalecimento da Escola de Educa\u00e7\u00e3o B\u00e1sica e dos Cursos\u00a0de Gradua\u00e7\u00e3o, que atualmente est\u00e3o em funcionamento: Administra\u00e7\u00e3o; Direito; Ci\u00eancias Cont\u00e1beis; Educa\u00e7\u00e3o F\u00edsica; Engenharia El\u00e9trica; Fisioterapia.<\/p>\n<div class=\"yj6qo ajU\">\n<div id=\":1q3\" class=\"ajR\" tabindex=\"0\" data-tooltip=\"Mostrar conte\u00fado cortado\"><img decoding=\"async\" class=\"ajT\" src=\"https:\/\/ssl.gstatic.com\/ui\/v1\/icons\/mail\/images\/cleardot.gif\" alt=\"\" \/><\/div>\n<\/div>\n<\/div><\/div><\/div>\n\t\t\t\t<\/div><!-- .dslc-module -->\n\t\t<\/div><\/div><\/div><\/div><input type=\"hidden\" id=\"dslca-post-data-thumb\" value=\"https:\/\/urisaoluiz.com.br\/site\/wp-content\/uploads\/2017\/12\/5.jpg\" \/>","protected":false},"excerpt":{"rendered":"<p>URI \u2013 S\u00e3o Luiz Gonzaga torna-se C\u00e2mpus Universit\u00e1rio 5 de dezembro de 2017 Conforme resolu\u00e7\u00e3o aprovada no Conselho Universit\u00e1rio de setembro, a URI realizou algumas altera\u00e7\u00f5es em seu estatuto, dentre elas, a passagem de Extens\u00e3o para C\u00e2mpus da unidade de S\u00e3o Luiz Gonzaga. \u00a0 No dia 29 de setembro do corrente ano, na cidade de [&hellip;]<\/p>\n","protected":false},"author":1,"featured_media":8124,"comment_status":"open","ping_status":"open","sticky":false,"template":"","format":"standard","meta":{"footnotes":""},"categories":[3,13,14,15,16,17,18,4,1],"tags":[],"class_list":["post-8121","post","type-post","status-publish","format-standard","has-post-thumbnail","hentry","category-destaques","category-administracao","category-ciencias-contabeis","category-direito","category-educacao-fisica","category-engenharia-eletrica","category-fisioterapia","category-graduacao","category-noticias"],"_links":{"self":[{"href":"https:\/\/urisaoluiz.com.br\/site\/wp-json\/wp\/v2\/posts\/8121","targetHints":{"allow":["GET"]}}],"collection":[{"href":"https:\/\/urisaoluiz.com.br\/site\/wp-json\/wp\/v2\/posts"}],"about":[{"href":"https:\/\/urisaoluiz.com.br\/site\/wp-json\/wp\/v2\/types\/post"}],"author":[{"embeddable":true,"href":"https:\/\/urisaoluiz.com.br\/site\/wp-json\/wp\/v2\/users\/1"}],"replies":[{"embeddable":true,"href":"https:\/\/urisaoluiz.com.br\/site\/wp-json\/wp\/v2\/comments?post=8121"}],"version-history":[{"count":0,"href":"https:\/\/urisaoluiz.com.br\/site\/wp-json\/wp\/v2\/posts\/8121\/revisions"}],"wp:featuredmedia":[{"embeddable":true,"href":"https:\/\/urisaoluiz.com.br\/site\/wp-json\/wp\/v2\/media\/8124"}],"wp:attachment":[{"href":"https:\/\/urisaoluiz.com.br\/site\/wp-json\/wp\/v2\/media?parent=8121"}],"wp:term":[{"taxonomy":"category","embeddable":true,"href":"https:\/\/urisaoluiz.com.br\/site\/wp-json\/wp\/v2\/categories?post=8121"},{"taxonomy":"post_tag","embeddable":true,"href":"https:\/\/urisaoluiz.com.br\/site\/wp-json\/wp\/v2\/tags?post=8121"}],"curies":[{"name":"wp","href":"https:\/\/api.w.org\/{rel}","templated":true}]}}