{"id":8169,"date":"2017-12-14T09:48:57","date_gmt":"2017-12-14T12:48:57","guid":{"rendered":"http:\/\/urisaoluiz.com.br\/site\/?p=8169"},"modified":"2017-12-14T09:48:57","modified_gmt":"2017-12-14T12:48:57","slug":"uri-sao-luiz-gonzaga-sediou-formatura-do-proerd","status":"publish","type":"post","link":"https:\/\/urisaoluiz.com.br\/site\/uri-sao-luiz-gonzaga-sediou-formatura-do-proerd\/","title":{"rendered":"URI &#8211; S\u00e3o Luiz Gonzaga sediou formatura do PROERD"},"content":{"rendered":"<div id=\"dslc-main\">\n\t\t<div  class=\"dslc-modules-section  dslc-init-parallax \" style=\"padding-bottom:40px;padding-top:40px;background-color:#156892;background-image:url();background-position:center center;background-attachment:parallax;background-size:cover;border-color:#ec268f;border-top-style: hidden; border-right-style: hidden; border-bottom-style: hidden; border-left-style: hidden; \" data-section-id=\"da13474be32\">\n\t\t\t\t<div class=\"dslc-bg-video dslc-force-show\"><div class=\"dslc-bg-video-overlay\" style=\"background-color:#156892; opacity:0.7; \"><\/div><\/div>\n\t\t\t\t\n\t\t\t\t<div class=\"dslc-modules-section-wrapper dslc-clearfix\"><div class=\"dslc-modules-area dslc-col dslc-12-col dslc-last-col\" data-size=\"12\" data-valign=\"\">\n\t\t<div id=\"dslc-module-38c9e95fc9c\" class=\"dslc-module-front dslc-module-DSLC_TP_Title dslc-in-viewport-check dslc-in-viewport-anim-none  dslc-col dslc-12-col dslc-last-col  dslc-module-handle-like-regular \" data-module-id=\"38c9e95fc9c\" data-module=\"DSLC_TP_Title\" data-dslc-module-size=\"12\" data-dslc-anim=\"none\" data-dslc-anim-delay=\"0\" data-dslc-anim-duration=\"650\"  data-dslc-anim-easing=\"ease\" data-dslc-preset=\"none\" >\n\n\t\t\t\n\t\t\t\n\t\t\r\n\t\t\t\t<div class=\"dslc-tp-title\"><h1>URI &#8211; S\u00e3o Luiz Gonzaga sediou formatura do PROERD<\/h1><\/div>\r\n\r\n\t\t\t\n\t\t\t\t<\/div><!-- .dslc-module -->\n\t\t\n\t\t<div id=\"dslc-module-a51fb08fc26\" class=\"dslc-module-front dslc-module-DSLC_TP_Meta dslc-in-viewport-check dslc-in-viewport-anim-none  dslc-col dslc-12-col dslc-last-col  dslc-module-handle-like-regular \" data-module-id=\"a51fb08fc26\" data-module=\"DSLC_TP_Meta\" data-dslc-module-size=\"12\" data-dslc-anim=\"none\" data-dslc-anim-delay=\"0\" data-dslc-anim-duration=\"650\"  data-dslc-anim-easing=\"ease\" data-dslc-preset=\"none\" >\n\n\t\t\t\n\t\t\t\n\t\t\r\n\t\t\t\t<div class=\"dslc-tp-meta dslc-tp-meta-horizontal\">\r\n\t\t\t\t\t<ul class=\"dslc-clearfix\">\r\n\r\n\t\t\t\t\t\t\t\t\t\t\t\t\t<li>14 de dezembro de 2017<\/li>\r\n\t\t\t\t\t\t\r\n\t\t\t\t\t\t\r\n\t\t\t\t\t\t\r\n\t\t\t\t\t\t\r\n\t\t\t\t\t\t\r\n\t\t\t\t\t<\/ul>\r\n\t\t\t\t<\/div>\r\n\r\n\t\t\t\n\t\t\t\t<\/div><!-- .dslc-module -->\n\t\t<\/div><\/div><\/div>\n\t\t<div  class=\"dslc-modules-section \" style=\"padding-bottom:20px;padding-top:20px;\" data-section-id=\"aee2fee54c8\">\n\t\t\t\t\n\t\t\t\t\n\t\t\t\t<div class=\"dslc-modules-section-wrapper dslc-clearfix\"><div class=\"dslc-modules-area dslc-col dslc-5-col dslc-first-col\" data-size=\"5\" data-valign=\"\">\n\t\t<div id=\"dslc-module-df21016b7e5\" class=\"dslc-module-front dslc-module-DSLC_TP_Thumbnail dslc-in-viewport-check dslc-in-viewport-anim-none  dslc-col dslc-12-col dslc-last-col  dslc-module-handle-like-regular \" data-module-id=\"df21016b7e5\" data-module=\"DSLC_TP_Thumbnail\" data-dslc-module-size=\"12\" data-dslc-anim=\"none\" data-dslc-anim-delay=\"0\" data-dslc-anim-duration=\"650\"  data-dslc-anim-easing=\"ease\" data-dslc-preset=\"none\" >\n\n\t\t\t\n\t\t\t\n\t\t\r\n\t\t\t<div class=\"dslc-tp-thumbnail\">\r\n\t\t\t\t\t\t\t\t\t\t\t\t\t\t\t<img width=\"1032\" height=\"774\" src=\"https:\/\/urisaoluiz.com.br\/site\/wp-content\/uploads\/2017\/12\/40c33e12-2f44-4b7f-8fd7-75a9b84cb4e1.jpg\" class=\"attachment-full size-full wp-post-image\" alt=\"\" title=\"40c33e12-2f44-4b7f-8fd7-75a9b84cb4e1\" srcset=\"https:\/\/urisaoluiz.com.br\/site\/wp-content\/uploads\/2017\/12\/40c33e12-2f44-4b7f-8fd7-75a9b84cb4e1.jpg 1032w, https:\/\/urisaoluiz.com.br\/site\/wp-content\/uploads\/2017\/12\/40c33e12-2f44-4b7f-8fd7-75a9b84cb4e1-300x225.jpg 300w, https:\/\/urisaoluiz.com.br\/site\/wp-content\/uploads\/2017\/12\/40c33e12-2f44-4b7f-8fd7-75a9b84cb4e1-768x576.jpg 768w, https:\/\/urisaoluiz.com.br\/site\/wp-content\/uploads\/2017\/12\/40c33e12-2f44-4b7f-8fd7-75a9b84cb4e1-1024x768.jpg 1024w\" sizes=\"(max-width: 1032px) 100vw, 1032px\" \/>\t\t\t\t\t\t\t\t\t\t\t\t<\/div>\r\n\r\n\t\t\r\n\t\t\n\t\t\t\t<\/div><!-- .dslc-module -->\n\t\t<\/div><div class=\"dslc-modules-area dslc-col dslc-7-col dslc-last-col\" data-size=\"7\" data-valign=\"\">\n\t\t<div id=\"dslc-module-8hoh9nefs8g\" class=\"dslc-module-front dslc-module-DSLC_TP_Content dslc-in-viewport-check dslc-in-viewport-anim-none  dslc-col dslc-12-col dslc-last-col  dslc-module-handle-like-regular \" data-module-id=\"8hoh9nefs8g\" data-module=\"DSLC_TP_Content\" data-dslc-module-size=\"12\" data-dslc-anim=\"none\" data-dslc-anim-delay=\"0\" data-dslc-anim-duration=\"650\"  data-dslc-anim-easing=\"ease\" data-dslc-preset=\"none\" >\n\n\t\t\t\n\t\t\t\n\t\t<div class=\"dslc-tp-content\"><div id=\"dslc-theme-content\"><div id=\"dslc-theme-content-inner\"><p>A Brigada Militar realizou na noite de ter\u00e7a-feira (12)\u00a0 a formatura de uma nova turma do Proerd. A solenidade ocorreu no Sal\u00e3o de Atos da URI &#8211; S\u00e3o Luiz Gonzaga, com a presen\u00e7a de autoridades, alunos e seus familiares. A edi\u00e7\u00e3o realizada no segundo semestre teve a participa\u00e7\u00e3o de 310 alunos das escolas estaduais e municipais de S\u00e3o Luiz Gonzaga. E tamb\u00e9m, da Escola de Educa\u00e7\u00e3o B\u00e1sica da URI.<\/p>\n<p>A Diretora Geral da URI &#8211; S\u00e3o Luiz Gonzaga, Professora Dinara Bortoli Tomasi, acompanhou o momento da solenidade, assim como, a Coordenadora da Escola B\u00e1sica, Professora Rosa Carine Menezes.<\/p>\n\n\t\t<style type=\"text\/css\">\n\t\t\t#gallery-2 {\n\t\t\t\tmargin: auto;\n\t\t\t}\n\t\t\t#gallery-2 .gallery-item {\n\t\t\t\tfloat: left;\n\t\t\t\tmargin-top: 10px;\n\t\t\t\ttext-align: center;\n\t\t\t\twidth: 33%;\n\t\t\t}\n\t\t\t#gallery-2 img {\n\t\t\t\tborder: 2px solid #cfcfcf;\n\t\t\t}\n\t\t\t#gallery-2 .gallery-caption {\n\t\t\t\tmargin-left: 0;\n\t\t\t}\n\t\t\t\/* see gallery_shortcode() in wp-includes\/media.php *\/\n\t\t<\/style>\n\t\t<div id='gallery-2' class='gallery galleryid-8169 gallery-columns-3 gallery-size-thumbnail'><dl class='gallery-item'>\n\t\t\t<dt class='gallery-icon landscape'>\n\t\t\t\t<a href=\"https:\/\/urisaoluiz.com.br\/site\/wp-content\/uploads\/2017\/12\/7c3fb733-460b-4474-8db6-75e0bdc7be11.jpg\" data-slb-active=\"1\" data-slb-asset=\"1699026825\" data-slb-internal=\"0\" data-slb-group=\"8169\"><img decoding=\"async\" width=\"150\" height=\"150\" src=\"https:\/\/urisaoluiz.com.br\/site\/wp-content\/uploads\/2017\/12\/7c3fb733-460b-4474-8db6-75e0bdc7be11-150x150.jpg\" class=\"attachment-thumbnail size-thumbnail\" alt=\"\" \/><\/a>\n\t\t\t<\/dt><\/dl><dl class='gallery-item'>\n\t\t\t<dt class='gallery-icon landscape'>\n\t\t\t\t<a href=\"https:\/\/urisaoluiz.com.br\/site\/wp-content\/uploads\/2017\/12\/40c33e12-2f44-4b7f-8fd7-75a9b84cb4e1.jpg\" data-slb-active=\"1\" data-slb-asset=\"1400378759\" data-slb-internal=\"0\" data-slb-group=\"8169\"><img loading=\"lazy\" decoding=\"async\" width=\"150\" height=\"150\" src=\"https:\/\/urisaoluiz.com.br\/site\/wp-content\/uploads\/2017\/12\/40c33e12-2f44-4b7f-8fd7-75a9b84cb4e1-150x150.jpg\" class=\"attachment-thumbnail size-thumbnail\" alt=\"\" \/><\/a>\n\t\t\t<\/dt><\/dl>\n\t\t\t<br style='clear: both' \/>\n\t\t<\/div>\n\n<p>&nbsp;<\/p>\n<\/div><\/div><\/div>\n\t\t\t\t<\/div><!-- .dslc-module -->\n\t\t<\/div><\/div><\/div><\/div><input type=\"hidden\" id=\"dslca-post-data-thumb\" value=\"https:\/\/urisaoluiz.com.br\/site\/wp-content\/uploads\/2017\/12\/40c33e12-2f44-4b7f-8fd7-75a9b84cb4e1.jpg\" \/>","protected":false},"excerpt":{"rendered":"<p>URI &#8211; S\u00e3o Luiz Gonzaga sediou formatura do PROERD 14 de dezembro de 2017 A Brigada Militar realizou na noite de ter\u00e7a-feira (12)\u00a0 a formatura de uma nova turma do Proerd. A solenidade ocorreu no Sal\u00e3o de Atos da URI &#8211; S\u00e3o Luiz Gonzaga, com a presen\u00e7a de autoridades, alunos e seus familiares. A edi\u00e7\u00e3o [&hellip;]<\/p>\n","protected":false},"author":1,"featured_media":8171,"comment_status":"open","ping_status":"open","sticky":false,"template":"","format":"standard","meta":{"footnotes":""},"categories":[3,20],"tags":[],"class_list":["post-8169","post","type-post","status-publish","format-standard","has-post-thumbnail","hentry","category-destaques","category-blog-fique-ligado"],"_links":{"self":[{"href":"https:\/\/urisaoluiz.com.br\/site\/wp-json\/wp\/v2\/posts\/8169","targetHints":{"allow":["GET"]}}],"collection":[{"href":"https:\/\/urisaoluiz.com.br\/site\/wp-json\/wp\/v2\/posts"}],"about":[{"href":"https:\/\/urisaoluiz.com.br\/site\/wp-json\/wp\/v2\/types\/post"}],"author":[{"embeddable":true,"href":"https:\/\/urisaoluiz.com.br\/site\/wp-json\/wp\/v2\/users\/1"}],"replies":[{"embeddable":true,"href":"https:\/\/urisaoluiz.com.br\/site\/wp-json\/wp\/v2\/comments?post=8169"}],"version-history":[{"count":0,"href":"https:\/\/urisaoluiz.com.br\/site\/wp-json\/wp\/v2\/posts\/8169\/revisions"}],"wp:featuredmedia":[{"embeddable":true,"href":"https:\/\/urisaoluiz.com.br\/site\/wp-json\/wp\/v2\/media\/8171"}],"wp:attachment":[{"href":"https:\/\/urisaoluiz.com.br\/site\/wp-json\/wp\/v2\/media?parent=8169"}],"wp:term":[{"taxonomy":"category","embeddable":true,"href":"https:\/\/urisaoluiz.com.br\/site\/wp-json\/wp\/v2\/categories?post=8169"},{"taxonomy":"post_tag","embeddable":true,"href":"https:\/\/urisaoluiz.com.br\/site\/wp-json\/wp\/v2\/tags?post=8169"}],"curies":[{"name":"wp","href":"https:\/\/api.w.org\/{rel}","templated":true}]}}