{"id":8296,"date":"2018-02-05T07:17:26","date_gmt":"2018-02-05T10:17:26","guid":{"rendered":"http:\/\/urisaoluiz.com.br\/site\/?p=8296"},"modified":"2018-02-07T07:29:16","modified_gmt":"2018-02-07T10:29:16","slug":"inscricoes-do-prouni-2018-abrem-amanha","status":"publish","type":"post","link":"https:\/\/urisaoluiz.com.br\/site\/inscricoes-do-prouni-2018-abrem-amanha\/","title":{"rendered":"Inscri\u00e7\u00f5es do ProUni 2018"},"content":{"rendered":"<div id=\"dslc-main\">\n\t\t<div  class=\"dslc-modules-section  dslc-init-parallax \" style=\"padding-bottom:40px;padding-top:40px;background-color:#156892;background-image:url();background-position:center center;background-attachment:parallax;background-size:cover;border-color:#ec268f;border-top-style: hidden; border-right-style: hidden; border-bottom-style: hidden; border-left-style: hidden; \" data-section-id=\"da13474be32\">\n\t\t\t\t<div class=\"dslc-bg-video dslc-force-show\"><div class=\"dslc-bg-video-overlay\" style=\"background-color:#156892; opacity:0.7; \"><\/div><\/div>\n\t\t\t\t\n\t\t\t\t<div class=\"dslc-modules-section-wrapper dslc-clearfix\"><div class=\"dslc-modules-area dslc-col dslc-12-col dslc-last-col\" data-size=\"12\" data-valign=\"\">\n\t\t<div id=\"dslc-module-38c9e95fc9c\" class=\"dslc-module-front dslc-module-DSLC_TP_Title dslc-in-viewport-check dslc-in-viewport-anim-none  dslc-col dslc-12-col dslc-last-col  dslc-module-handle-like-regular \" data-module-id=\"38c9e95fc9c\" data-module=\"DSLC_TP_Title\" data-dslc-module-size=\"12\" data-dslc-anim=\"none\" data-dslc-anim-delay=\"0\" data-dslc-anim-duration=\"650\"  data-dslc-anim-easing=\"ease\" data-dslc-preset=\"none\" >\n\n\t\t\t\n\t\t\t\n\t\t\r\n\t\t\t\t<div class=\"dslc-tp-title\"><h1>Inscri\u00e7\u00f5es do ProUni 2018<\/h1><\/div>\r\n\r\n\t\t\t\n\t\t\t\t<\/div><!-- .dslc-module -->\n\t\t\n\t\t<div id=\"dslc-module-a51fb08fc26\" class=\"dslc-module-front dslc-module-DSLC_TP_Meta dslc-in-viewport-check dslc-in-viewport-anim-none  dslc-col dslc-12-col dslc-last-col  dslc-module-handle-like-regular \" data-module-id=\"a51fb08fc26\" data-module=\"DSLC_TP_Meta\" data-dslc-module-size=\"12\" data-dslc-anim=\"none\" data-dslc-anim-delay=\"0\" data-dslc-anim-duration=\"650\"  data-dslc-anim-easing=\"ease\" data-dslc-preset=\"none\" >\n\n\t\t\t\n\t\t\t\n\t\t\r\n\t\t\t\t<div class=\"dslc-tp-meta dslc-tp-meta-horizontal\">\r\n\t\t\t\t\t<ul class=\"dslc-clearfix\">\r\n\r\n\t\t\t\t\t\t\t\t\t\t\t\t\t<li>5 de fevereiro de 2018<\/li>\r\n\t\t\t\t\t\t\r\n\t\t\t\t\t\t\r\n\t\t\t\t\t\t\r\n\t\t\t\t\t\t\r\n\t\t\t\t\t\t\r\n\t\t\t\t\t<\/ul>\r\n\t\t\t\t<\/div>\r\n\r\n\t\t\t\n\t\t\t\t<\/div><!-- .dslc-module -->\n\t\t<\/div><\/div><\/div>\n\t\t<div  class=\"dslc-modules-section \" style=\"padding-bottom:20px;padding-top:20px;\" data-section-id=\"aee2fee54c8\">\n\t\t\t\t\n\t\t\t\t\n\t\t\t\t<div class=\"dslc-modules-section-wrapper dslc-clearfix\"><div class=\"dslc-modules-area dslc-col dslc-5-col dslc-first-col\" data-size=\"5\" data-valign=\"\">\n\t\t<div id=\"dslc-module-df21016b7e5\" class=\"dslc-module-front dslc-module-DSLC_TP_Thumbnail dslc-in-viewport-check dslc-in-viewport-anim-none  dslc-col dslc-12-col dslc-last-col  dslc-module-handle-like-regular \" data-module-id=\"df21016b7e5\" data-module=\"DSLC_TP_Thumbnail\" data-dslc-module-size=\"12\" data-dslc-anim=\"none\" data-dslc-anim-delay=\"0\" data-dslc-anim-duration=\"650\"  data-dslc-anim-easing=\"ease\" data-dslc-preset=\"none\" >\n\n\t\t\t\n\t\t\t\n\t\t\r\n\t\t\t<div class=\"dslc-tp-thumbnail\">\r\n\t\t\t\t\t\t\t\t\t\t\t\t\t\t\t<img width=\"480\" height=\"288\" src=\"https:\/\/urisaoluiz.com.br\/site\/wp-content\/uploads\/2018\/02\/prouni.jpg\" class=\"attachment-full size-full wp-post-image\" alt=\"\" title=\"prouni\" srcset=\"https:\/\/urisaoluiz.com.br\/site\/wp-content\/uploads\/2018\/02\/prouni.jpg 480w, https:\/\/urisaoluiz.com.br\/site\/wp-content\/uploads\/2018\/02\/prouni-300x180.jpg 300w\" sizes=\"(max-width: 480px) 100vw, 480px\" \/>\t\t\t\t\t\t\t\t\t\t\t\t<\/div>\r\n\r\n\t\t\r\n\t\t\n\t\t\t\t<\/div><!-- .dslc-module -->\n\t\t<\/div><div class=\"dslc-modules-area dslc-col dslc-7-col dslc-last-col\" data-size=\"7\" data-valign=\"\">\n\t\t<div id=\"dslc-module-8hoh9nefs8g\" class=\"dslc-module-front dslc-module-DSLC_TP_Content dslc-in-viewport-check dslc-in-viewport-anim-none  dslc-col dslc-12-col dslc-last-col  dslc-module-handle-like-regular \" data-module-id=\"8hoh9nefs8g\" data-module=\"DSLC_TP_Content\" data-dslc-module-size=\"12\" data-dslc-anim=\"none\" data-dslc-anim-delay=\"0\" data-dslc-anim-duration=\"650\"  data-dslc-anim-easing=\"ease\" data-dslc-preset=\"none\" >\n\n\t\t\t\n\t\t\t\n\t\t<div class=\"dslc-tp-content\"><div id=\"dslc-theme-content\"><div id=\"dslc-theme-content-inner\"><p>Os estudantes interessados em participar da sele\u00e7\u00e3o para as bolsas do Programa Universidade para Todos (ProUni) oferecidas no primeiro semestre de 2018 ter\u00e3o do dia 6 \u00e0s 23h e 59 minutos do dia 9 de fevereiro para se inscreverem. A candidatura dever\u00e1 ser feita via internet no site do endere\u00e7o eletr\u00f4nico siteprouni.mec.gov.br.<\/p>\n<p>Podem concorrer brasileiros n\u00e3o portadores de diploma de curso superior e que tenham participado do Exame Nacional do Ensino M\u00e9dio (Enem) em 2017 e n\u00e3o tenham zerado a prova. \u00c9 necess\u00e1rio, ainda, que o candidato atenda a pelo menos uma das seguintes condi\u00e7\u00f5es: ter cursado o ensino m\u00e9dio completo em escola p\u00fablica ou em institui\u00e7\u00e3o privada como bolsista integral; possuir alguma defici\u00eancia; ser professor da rede p\u00fablica.<\/p>\n<p>Programa do Minist\u00e9rio da Educa\u00e7\u00e3o, o ProUni oferece bolsas de estudo integrais e parciais (50%) em institui\u00e7\u00f5es privadas de educa\u00e7\u00e3o superior, em cursos de gradua\u00e7\u00e3o e cursos sequenciais de forma\u00e7\u00e3o espec\u00edfica. Na segunda edi\u00e7\u00e3o do ProUni 2017 foram ofertadas 147.492 bolsas, sendo 67.603 delas integrais e 79.889 parciais, todas distribu\u00eddas em 1.076 institui\u00e7\u00f5es de ensino superior privadas pelo Brasil.<\/p>\n<p>As bolsas integrais se destinam aos candidatos cuja renda familiar bruta mensal per capita n\u00e3o exceda R$ 1,5 sal\u00e1rio m\u00ednimo. J\u00e1 as parciais s\u00e3o voltadas aos estudantes com renda familiar bruta mensal per capita inferior a tr\u00eas sal\u00e1rios m\u00ednimos. Poder\u00e3o ser postuladas at\u00e9 duas op\u00e7\u00f5es de institui\u00e7\u00e3o, local de oferta, curso, turno e tipo de bolsa pretendida.<\/p>\n<p>O processo seletivo \u00e9 composto de duas chamadas sucessivas e a previs\u00e3o \u00e9 de que o resultado com a lista dos candidatos pr\u00e9-selecionados na primeira chamada seja divulgado no dia 14 de fevereiro. A segunda chamada est\u00e1 prevista para ser divulgada no dia 2 de mar\u00e7o. J\u00e1 para participar da lista de espera, o candidato que n\u00e3o foi pr\u00e9-selecionado dever\u00e1 manifestar seu interesse por meio da p\u00e1gina do Prouni na internet entre os dias 16 e 19 de mar\u00e7o.<\/p>\n<p><em>Assessoria de Comunica\u00e7\u00e3o Social MEC<\/em><\/p>\n<\/div><\/div><\/div>\n\t\t\t\t<\/div><!-- .dslc-module -->\n\t\t<\/div><\/div><\/div><\/div><input type=\"hidden\" id=\"dslca-post-data-thumb\" value=\"https:\/\/urisaoluiz.com.br\/site\/wp-content\/uploads\/2018\/02\/prouni.jpg\" \/>","protected":false},"excerpt":{"rendered":"<p>Inscri\u00e7\u00f5es do ProUni 2018 5 de fevereiro de 2018 Os estudantes interessados em participar da sele\u00e7\u00e3o para as bolsas do Programa Universidade para Todos (ProUni) oferecidas no primeiro semestre de 2018 ter\u00e3o do dia 6 \u00e0s 23h e 59 minutos do dia 9 de fevereiro para se inscreverem. A candidatura dever\u00e1 ser feita via internet [&hellip;]<\/p>\n","protected":false},"author":1,"featured_media":8297,"comment_status":"open","ping_status":"open","sticky":false,"template":"","format":"standard","meta":{"footnotes":""},"categories":[3,13,14,15,16,17,18,4,1],"tags":[],"class_list":["post-8296","post","type-post","status-publish","format-standard","has-post-thumbnail","hentry","category-destaques","category-administracao","category-ciencias-contabeis","category-direito","category-educacao-fisica","category-engenharia-eletrica","category-fisioterapia","category-graduacao","category-noticias"],"_links":{"self":[{"href":"https:\/\/urisaoluiz.com.br\/site\/wp-json\/wp\/v2\/posts\/8296","targetHints":{"allow":["GET"]}}],"collection":[{"href":"https:\/\/urisaoluiz.com.br\/site\/wp-json\/wp\/v2\/posts"}],"about":[{"href":"https:\/\/urisaoluiz.com.br\/site\/wp-json\/wp\/v2\/types\/post"}],"author":[{"embeddable":true,"href":"https:\/\/urisaoluiz.com.br\/site\/wp-json\/wp\/v2\/users\/1"}],"replies":[{"embeddable":true,"href":"https:\/\/urisaoluiz.com.br\/site\/wp-json\/wp\/v2\/comments?post=8296"}],"version-history":[{"count":0,"href":"https:\/\/urisaoluiz.com.br\/site\/wp-json\/wp\/v2\/posts\/8296\/revisions"}],"wp:featuredmedia":[{"embeddable":true,"href":"https:\/\/urisaoluiz.com.br\/site\/wp-json\/wp\/v2\/media\/8297"}],"wp:attachment":[{"href":"https:\/\/urisaoluiz.com.br\/site\/wp-json\/wp\/v2\/media?parent=8296"}],"wp:term":[{"taxonomy":"category","embeddable":true,"href":"https:\/\/urisaoluiz.com.br\/site\/wp-json\/wp\/v2\/categories?post=8296"},{"taxonomy":"post_tag","embeddable":true,"href":"https:\/\/urisaoluiz.com.br\/site\/wp-json\/wp\/v2\/tags?post=8296"}],"curies":[{"name":"wp","href":"https:\/\/api.w.org\/{rel}","templated":true}]}}